{"id":2508,"date":"2025-04-14T16:09:13","date_gmt":"2025-04-14T14:09:13","guid":{"rendered":"https:\/\/www.israelreport.org\/?p=2508"},"modified":"2025-06-11T13:34:22","modified_gmt":"2025-06-11T11:34:22","slug":"en-rettsstat-blant-midtostens-diktaturer","status":"publish","type":"post","link":"https:\/\/www.israelreport.org\/no\/en-rettsstat-blant-midtostens-diktaturer\/","title":{"rendered":"En rettsstat blant Midt\u00f8stens diktaturer"},"content":{"rendered":"<div class=\"fusion-fullwidth fullwidth-box fusion-builder-row-2 fusion-flex-container nonhundred-percent-fullwidth non-hundred-percent-height-scrolling\">\n<div class=\"fusion-builder-row fusion-row fusion-flex-align-items-flex-start fusion-flex-content-wrap\">\n<div class=\"fusion-layout-column fusion_builder_column fusion-builder-column-3 fusion_builder_column_1_1 1_1 fusion-flex-column\">\n<div class=\"fusion-column-wrapper fusion-column-has-shadow fusion-flex-justify-content-flex-start fusion-content-layout-column\">\n<div class=\"fusion-title title fusion-title-1 fusion-sep-none fusion-title-center fusion-title-text fusion-title-size-one\">\n<h1 class=\"fusion-title-heading title-heading-center fusion-responsive-typography-calculated\">En rettsstat blant Midt\u00f8stens diktaturer<\/h1>\n<\/div>\n<div class=\"fusion-text fusion-text-1\">\n<p>Israels statsminister Benjamin Netanyahu vitnet mot slutten av fjor\u00e5ret for f\u00f8rste gang i korrupsjonssaken som har p\u00e5g\u00e5tt i flere \u00e5r i Israel. Rettssaken startet i mai 2020, og aktoratets vitner begynte \u00e5 forklare seg 5. april 2021. Rettssaken forventes \u00e5 p\u00e5g\u00e5 i mange m\u00e5neder til.<\/p>\n<\/div>\n<\/div>\n<\/div>\n<\/div>\n<\/div>\n<div class=\"fusion-fullwidth fullwidth-box fusion-builder-row-3 fusion-flex-container nonhundred-percent-fullwidth non-hundred-percent-height-scrolling\">\n<div class=\"fusion-builder-row fusion-row fusion-flex-align-items-flex-start fusion-flex-content-wrap\">\n<div class=\"fusion-layout-column fusion_builder_column fusion-builder-column-4 fusion_builder_column_1_1 1_1 fusion-flex-column\">\n<div class=\"fusion-column-wrapper fusion-column-has-shadow fusion-flex-justify-content-flex-start fusion-content-layout-column\">\n<div class=\"fusion-image-element \"><img fetchpriority=\"high\" decoding=\"async\" class=\"alignnone size-large wp-image-2476\" src=\"https:\/\/www.israelreport.org\/wp-content\/uploads\/2025\/05\/2023_Israeli_anti-judicial_reform_protests_-_A_big_demonstration_in_Jerusalem_February_20_2023_6-scaled-1-1024x576.jpg\" alt=\"\" width=\"800\" height=\"450\" srcset=\"https:\/\/www.israelreport.org\/wp-content\/uploads\/2025\/05\/2023_Israeli_anti-judicial_reform_protests_-_A_big_demonstration_in_Jerusalem_February_20_2023_6-scaled-1-1024x576.jpg 1024w, https:\/\/www.israelreport.org\/wp-content\/uploads\/2025\/05\/2023_Israeli_anti-judicial_reform_protests_-_A_big_demonstration_in_Jerusalem_February_20_2023_6-scaled-1-300x169.jpg 300w, https:\/\/www.israelreport.org\/wp-content\/uploads\/2025\/05\/2023_Israeli_anti-judicial_reform_protests_-_A_big_demonstration_in_Jerusalem_February_20_2023_6-scaled-1-768x432.jpg 768w, https:\/\/www.israelreport.org\/wp-content\/uploads\/2025\/05\/2023_Israeli_anti-judicial_reform_protests_-_A_big_demonstration_in_Jerusalem_February_20_2023_6-scaled-1-1536x864.jpg 1536w, https:\/\/www.israelreport.org\/wp-content\/uploads\/2025\/05\/2023_Israeli_anti-judicial_reform_protests_-_A_big_demonstration_in_Jerusalem_February_20_2023_6-scaled-1-2048x1152.jpg 2048w\" sizes=\"(max-width: 800px) 100vw, 800px\" \/><\/div>\n<div class=\"fusion-separator fusion-full-width-sep\"><\/div>\n<div class=\"fusion-text fusion-text-2\">\n<p>Representantenes hus i USA etterforsker organisasjoner som har f\u00e5tt penger fra Biden-administrasjonen for \u00e5 se om midlene ble brukt til \u00e5 \u00abundergrave Israels statsminister Benjamin Netanyahu\u00bb under protestene i 2023 mot rettsreformen. Foto: Commons Wikimedia<\/p>\n<\/div>\n<div class=\"fusion-separator fusion-full-width-sep\"><\/div>\n<\/div>\n<\/div>\n<\/div>\n<\/div>\n<div class=\"fusion-fullwidth fullwidth-box fusion-builder-row-4 fusion-flex-container nonhundred-percent-fullwidth non-hundred-percent-height-scrolling\">\n<div class=\"fusion-builder-row fusion-row fusion-flex-align-items-flex-start fusion-flex-content-wrap\">\n<div class=\"fusion-layout-column fusion_builder_column fusion-builder-column-5 fusion_builder_column_1_1 1_1 fusion-flex-column\">\n<div class=\"fusion-column-wrapper fusion-column-has-shadow fusion-flex-justify-content-flex-start fusion-content-layout-column\">\n<div class=\"fusion-text fusion-text-3\">\n<p><span class=\"fusion-dropcap dropcap\">N<\/span>etanyahu, 75 \u00e5r, er Israels f\u00f8rste sittende statsminister som blir tiltalt for lovbrudd. I mars 1977 ble det avsl\u00f8rt at statsminister Yitzhak Rabins kone, Leah, hadde en bankkonto i USA p\u00e5 et tidspunkt da det, med visse unntak, var ulovlig for israelske borgere \u00e5 ha bankkontoer i utlandet. Rabin trakk seg etter avsl\u00f8ringen, og Shimon Peres overtok. Han kom tilbake som statsminister i 1992, men ble drept under et folkem\u00f8te i Tel Aviv i november 1995.<br \/>\nDa politiet i 2008 etterforsket statsminister Ehud Olmert for bestikkelser, kunngjorde han 30. juli samme \u00e5r at han ville g\u00e5 av som partileder for regjeringspartiet Kadima. I sin avskjedstale sa han at han var \u00abstolt over \u00e5 v\u00e6re borger i et land der en statsminister kan etterforskes som enhver annen borger.\u00bb I mai 2014 ble Olmert d\u00f8mt til fengsel for korrupsjon og l\u00f8slatt i juli 2017.<br \/>\nNetanyahu er tiltalt samtidig som Israel f\u00f8rer en krig mot terrorgruppen Hamas og st\u00e5r overfor nye regionale trusler, ettersom tidligere terrorister i al-Qaida, med st\u00f8tte fra Tyrkia, har tatt over ledelsen i Syria.<br \/>\nRettssaken p\u00e5g\u00e5r i en tid da antisemittismen i verden \u00f8ker, og muslimske despoter f\u00e5r st\u00f8tte fra undertrykkende regimer som Iran, Russland og Nord-Korea i FNs generalforsamling til \u00e5 ford\u00f8mme Israel flere ganger enn resten av verdens land til sammen.<\/p>\n<\/div>\n<div class=\"fusion-title title fusion-title-2 fusion-sep-none fusion-title-text fusion-title-size-three\">\n<h3 class=\"fusion-title-heading title-heading-left fusion-responsive-typography-calculated\"><strong>Store p\u00e5kjenninger<\/strong><\/h3>\n<\/div>\n<div class=\"fusion-text fusion-text-4\">\n<p>I tillegg har Den internasjonale straffedomstolen (ICC) utstedt en arrestordre p\u00e5 Netanyahu for krigen mot terrorgruppen Hamas, samtidig som Syrias tidligere president Bashar al-Assad og Sudans tidligere president Omar al-Bashir slipper tiltak fra ICC og har kunnet bevege seg fritt i den muslimske verden etter folkemord og kriger som har kostet millioner av liv og drevet titalls millioner p\u00e5 flukt.<br \/>\nTil tross for disse enorme p\u00e5kjenningene p\u00e5 staten Israel, jobber landets rettsvesen videre med rettssaken mot landets statsminister. Saken dreier seg om anklager om korrupsjon under Netanyahus fjerde og femte periode som statsminister. Israelsk politi startet etterforskningen i desember 2016 og anbefalte tiltale i november 2019.<br \/>\nIsraels statsminister har i retten anklaget israelske medier for \u00e5 v\u00e6re venstreorienterte og hevder at journalister har forfulgt ham i flere \u00e5r fordi hans politikk ikke samsvarte med deres press for en palestinsk stat.<br \/>\nI sitt forsvar beskrev han seg selv som en p\u00e5litelig forsvarer av Israels sikkerhet, som har motst\u00e5tt internasjonalt press og kritikk fra fiendtlig innlandspresse, if\u00f8lge israelske medier.<\/p>\n<\/div>\n<div class=\"fusion-title title fusion-title-3 fusion-sep-none fusion-title-text fusion-title-size-three\">\n<h3 class=\"fusion-title-heading title-heading-left fusion-responsive-typography-calculated\"><strong>Tre tiltalepunkter<\/strong><\/h3>\n<\/div>\n<div class=\"fusion-text fusion-text-5\">\n<p>De tre tiltalepunktene Netanyahu stilles til ansvar for, handler om:<br \/>\n\u2013 verdifulle gaver verdt millioner kroner fra blant andre Hollywoods mediemogul Arnon Milchan over to ti\u00e5r.<br \/>\n\u2013 samtaler mellom Netanyahu og eieren av Yedioth Ahronoth, en av de st\u00f8rste avisene i Israel, om muligheten for lovgivning som kan skade Israel Hayom, Yedioths fremste konkurrent.<br \/>\n\u2013 forholdet mellom telekommunikasjonsselskapet Bezeq og kommunikasjonsdepartementet da det ble ledet av Netanyahu.<br \/>\nIf\u00f8lge tiltalen tilb\u00f8d Arnon Mozes, eier av Yedioth Ahronoth, mer positiv dekning av Netanyahu og hans familie i avisen, samt negativ dekning av politiske motstandere i bytte mot lover som skulle innf\u00f8re restriksjoner mot Israel Hayom og \u00f8konomiske fordeler for Mozes\u2019 selskap.<br \/>\nI saken med Bezeq anklages Netanyahu for \u00e5 ha lovet lovendringer som ville gagne eieren Shaul Elovitchs forretningsinteresser i bytte mot positiv dekning av Netanyahu og hans familie p\u00e5 Elovitchs nyhetsnettsted, Walla!.<\/p>\n<\/div>\n<div class=\"fusion-title title fusion-title-4 fusion-sep-none fusion-title-text fusion-title-size-three\">\n<h3 class=\"fusion-title-heading title-heading-left fusion-responsive-typography-calculated\"><strong>Store demonstrasjoner<\/strong><\/h3>\n<\/div>\n<div class=\"fusion-text fusion-text-6\">\n<p>Netanyahu nekter for straffskyld og erkl\u00e6rer seg uskyldig.<br \/>\n\u2013 Hadde jeg \u00f8nsket god mediedekning, hadde jeg bare trengt \u00e5 signalisere st\u00f8tte til en tostatsl\u00f8sning\u2026 Hadde jeg flyttet meg to steg til venstre, ville jeg blitt hyllet, sa han i retten.<br \/>\nTiltalen mot Israels statsminister f\u00f8rte tidlig til protester og krav om hans avgang. Demonstrasjonene mot Netanyahu vokste kraftig i begynnelsen av 2023 p\u00e5 grunn av en rettsreform som vil gi politikere rett til \u00e5 velge medlemmer til H\u00f8yesterett og begrense domstolens makt til \u00e5 stanse beslutninger fra folkevalgte Knesset-medlemmer \u2013 en reform som ville harmonisere Israel med flertallet av OECD-landene og med majoriteten av de landene som ligger h\u00f8yest p\u00e5 demokratiindeksen fra The Economist.<br \/>\nDe politiske stridighetene i Israel fikk Israels fiender til \u00e5 se en mulighet. Hizbollahs leder Hassan Nasrallah sa i begynnelsen av mars 2023, med henvisning til de interne stridighetene, at hendelsene i Israel var et tegn p\u00e5 at landet n\u00e6rmer seg sin undergang. Nasrallah ble drept i et israelsk angrep p\u00e5 Hizbollahs hovedkvarter 27. september 2024.<\/p>\n<\/div>\n<div class=\"fusion-title title fusion-title-5 fusion-sep-none fusion-title-text fusion-title-size-three\">\n<h3 class=\"fusion-title-heading title-heading-left fusion-responsive-typography-calculated\"><strong>Demokrati i funksjon<\/strong><\/h3>\n<\/div>\n<div class=\"fusion-text fusion-text-7\">\n<p>Justiskomiteen og utenrikskomiteen i Representantenes hus i USA har innledet en etterforskning av seks israelske og amerikanske organisasjoner som har mottatt penger fra Biden-administrasjonen, da de mistenker at disse pengene ble brukt til \u00e5 \u00abundergrave Israels statsminister Benjamin Netanyahus stilling\u00bb under protestene i 2023 mot rettsreformen.<br \/>\nDe omfattende demonstrasjonene har blitt beskyttet av israelsk politi, og velgerne hadde p\u00e5 forh\u00e5nd f\u00e5tt uttrykke sin vilje i fem demokratiske valg p\u00e5 sju \u00e5r. Det er flere demokratiske, frie valg (der rundt to millioner arabere har stemmerett) enn det som er blitt gjennomf\u00f8rt i hele Midt\u00f8sten i samme periode.<br \/>\nEtter disse fem valgene ble Netanyahu i november 2022 igjen statsminister.<br \/>\nIsraels senreaksjon og manglende \u00e5rv\u00e5kenhet i forbindelse med Hamas\u2019 terrorangrep 7. oktober 2023 har \u00f8kt kritikken mot den sittende statsministeren. Hans avskjedigelse av Ronen Bar, sjefen for etterretningstjenesten Shin Bet, har gitt ytterligere drivstoff til kritikken.<br \/>\nIsraels h\u00f8yesterett fr\u00f8s Netanyahus fors\u00f8k p\u00e5 \u00e5 sparke etterretningssjefen, og kritikere hevdet at den virkelige grunnen til avskjedigelsen var en Shin Bet-etterforskning om mulige b\u00e5nd mellom Netanyahus medarbeidere og Qatar, som har finansiert terrorgruppen Hamas.<\/p>\n<\/div>\n<div class=\"fusion-title title fusion-title-6 fusion-sep-none fusion-title-text fusion-title-size-three\">\n<h3 class=\"fusion-title-heading title-heading-left fusion-responsive-typography-calculated\"><strong>Ungarn og USA<\/strong><\/h3>\n<\/div>\n<div class=\"fusion-text fusion-text-8\">\n<p>Netanyahu fikk permisjon fra rettssaken i Israel for \u00e5 reise til Budapest i begynnelsen av april, noe som fikk ICC-domstolen til \u00e5 kreve at Netanyahu skulle utleveres. Ungarn svarte med \u00e5 trekke seg fra ICC da Israels statsminister landet.<br \/>\nUnder en felles pressekonferanse hevdet president Orban at ICC hadde blitt en \u00abpolitisk domstol\u00bb og la til at domstolens beslutning om \u00e5 utstede en arrestordre p\u00e5 den israelske lederen \u00abtydelig viste\u00bb dette, rapporterer BBC.<br \/>\nEtterf\u00f8lgende bes\u00f8k i USA for m\u00f8ter med president Donald Trump om Gaza, Irans atomv\u00e5penkapasitet og USAs tollsatser gjorde at Netanyahu slapp enda en dag i rettssalen.<br \/>\nDet kan ta mange m\u00e5neder f\u00f8r dommerne avgj\u00f8r saken. If\u00f8lge israelsk lov er en statsminister ikke forpliktet til \u00e5 g\u00e5 av med mindre han blir d\u00f8mt, og han kan beholde sitt embete under hele ankeprosessen dersom en fellende dom ankes.<\/p>\n<\/div>\n<\/div>\n<\/div>\n<\/div>\n<\/div>\n","protected":false},"excerpt":{"rendered":"<p>Den amerikanske kongressen unders\u00f8ker om Biden finansierte demonstrasjoner mot Netanyahu<\/p>\n","protected":false},"author":1,"featured_media":2476,"comment_status":"closed","ping_status":"open","sticky":false,"template":"","format":"standard","meta":{"_acf_changed":false,"footnotes":""},"categories":[58],"tags":[],"class_list":["post-2508","post","type-post","status-publish","format-standard","has-post-thumbnail","hentry","category-det-moderne-israel"],"acf":[],"_links":{"self":[{"href":"https:\/\/www.israelreport.org\/no\/wp-json\/wp\/v2\/posts\/2508","targetHints":{"allow":["GET"]}}],"collection":[{"href":"https:\/\/www.israelreport.org\/no\/wp-json\/wp\/v2\/posts"}],"about":[{"href":"https:\/\/www.israelreport.org\/no\/wp-json\/wp\/v2\/types\/post"}],"author":[{"embeddable":true,"href":"https:\/\/www.israelreport.org\/no\/wp-json\/wp\/v2\/users\/1"}],"replies":[{"embeddable":true,"href":"https:\/\/www.israelreport.org\/no\/wp-json\/wp\/v2\/comments?post=2508"}],"version-history":[{"count":4,"href":"https:\/\/www.israelreport.org\/no\/wp-json\/wp\/v2\/posts\/2508\/revisions"}],"predecessor-version":[{"id":3798,"href":"https:\/\/www.israelreport.org\/no\/wp-json\/wp\/v2\/posts\/2508\/revisions\/3798"}],"wp:featuredmedia":[{"embeddable":true,"href":"https:\/\/www.israelreport.org\/no\/wp-json\/wp\/v2\/media\/2476"}],"wp:attachment":[{"href":"https:\/\/www.israelreport.org\/no\/wp-json\/wp\/v2\/media?parent=2508"}],"wp:term":[{"taxonomy":"category","embeddable":true,"href":"https:\/\/www.israelreport.org\/no\/wp-json\/wp\/v2\/categories?post=2508"},{"taxonomy":"post_tag","embeddable":true,"href":"https:\/\/www.israelreport.org\/no\/wp-json\/wp\/v2\/tags?post=2508"}],"curies":[{"name":"wp","href":"https:\/\/api.w.org\/{rel}","templated":true}]}}