{"id":2363,"date":"2024-12-06T08:15:39","date_gmt":"2024-12-06T07:15:39","guid":{"rendered":"https:\/\/www.israelreport.org\/?p=2363"},"modified":"2025-06-11T14:09:10","modified_gmt":"2025-06-11T12:09:10","slug":"en-kamp-mot-irans-mullaher-og-fns-antisemitisme","status":"publish","type":"post","link":"https:\/\/www.israelreport.org\/no\/en-kamp-mot-irans-mullaher-og-fns-antisemitisme\/","title":{"rendered":"En kamp mot Irans mullaher og FNs antisemitisme"},"content":{"rendered":"<div class=\"fusion-fullwidth fullwidth-box fusion-builder-row-2 fusion-flex-container nonhundred-percent-fullwidth non-hundred-percent-height-scrolling\">\n<div class=\"fusion-builder-row fusion-row fusion-flex-align-items-flex-start fusion-flex-content-wrap\">\n<div class=\"fusion-layout-column fusion_builder_column fusion-builder-column-3 fusion_builder_column_1_1 1_1 fusion-flex-column\">\n<div class=\"fusion-column-wrapper fusion-column-has-shadow fusion-flex-justify-content-flex-start fusion-content-layout-column\">\n<div class=\"fusion-title title fusion-title-1 fusion-sep-none fusion-title-center fusion-title-text fusion-title-size-one\">\n<div class=\"fusion-fullwidth fullwidth-box fusion-builder-row-2 fusion-flex-container nonhundred-percent-fullwidth non-hundred-percent-height-scrolling\">\n<div class=\"fusion-builder-row fusion-row fusion-flex-align-items-flex-start fusion-flex-content-wrap\">\n<div class=\"fusion-layout-column fusion_builder_column fusion-builder-column-3 fusion_builder_column_1_1 1_1 fusion-flex-column\">\n<div class=\"fusion-column-wrapper fusion-column-has-shadow fusion-flex-justify-content-flex-start fusion-content-layout-column\">\n<div class=\"fusion-title title fusion-title-1 fusion-sep-none fusion-title-center fusion-title-text fusion-title-size-one\">\n<h1 class=\"fusion-title-heading title-heading-center fusion-responsive-typography-calculated\">En kamp mot Irans mullaher og FNs antisemitisme<\/h1>\n<\/div>\n<div class=\"fusion-text fusion-text-1\">\n<p>Benjamin Netanyahu har kjempet mot Iran og de iranskst\u00f8ttede terroristgruppene Hamas og Hizbollah i hele sitt politiske liv. Men ogs\u00e5 mot den institusjonaliserte antisemittismen i FN. N\u00e5 har hans kamp mot Iran blitt en regelrett krig samtidig som antisemittismen innenfor FN-systemet sl\u00e5r tilbake p\u00e5 ham personlig.<\/p>\n<\/div>\n<\/div>\n<\/div>\n<\/div>\n<\/div>\n<div class=\"fusion-fullwidth fullwidth-box fusion-builder-row-3 fusion-flex-container nonhundred-percent-fullwidth non-hundred-percent-height-scrolling\">\n<div class=\"fusion-builder-row fusion-row fusion-flex-align-items-flex-start fusion-flex-content-wrap\">\n<div class=\"fusion-layout-column fusion_builder_column fusion-builder-column-4 fusion_builder_column_1_1 1_1 fusion-flex-column\">\n<div class=\"fusion-column-wrapper fusion-column-has-shadow fusion-flex-justify-content-flex-start fusion-content-layout-column\">\n<div class=\"fusion-image-element \"><img fetchpriority=\"high\" decoding=\"async\" class=\"alignnone size-large wp-image-2339\" src=\"https:\/\/www.israelreport.org\/wp-content\/uploads\/2025\/05\/f91-jpg-1024x708.webp\" alt=\"\" width=\"800\" height=\"553\" srcset=\"https:\/\/www.israelreport.org\/wp-content\/uploads\/2025\/05\/f91-jpg-1024x708.webp 1024w, https:\/\/www.israelreport.org\/wp-content\/uploads\/2025\/05\/f91-jpg-300x208.webp 300w, https:\/\/www.israelreport.org\/wp-content\/uploads\/2025\/05\/f91-jpg-768x531.webp 768w, https:\/\/www.israelreport.org\/wp-content\/uploads\/2025\/05\/f91-jpg.webp 1200w\" sizes=\"(max-width: 800px) 100vw, 800px\" \/><\/div>\n<div class=\"fusion-separator fusion-full-width-sep\"><\/div>\n<div class=\"fusion-text fusion-text-2\">\n<p>Benjamin Netanyahu taler i FN 26. november 1984. Foto: UN Photo\/Saw Lwin<\/p>\n<\/div>\n<div class=\"fusion-separator fusion-full-width-sep\"><\/div>\n<\/div>\n<\/div>\n<\/div>\n<\/div>\n<div class=\"fusion-fullwidth fullwidth-box fusion-builder-row-4 fusion-flex-container nonhundred-percent-fullwidth non-hundred-percent-height-scrolling\">\n<div class=\"fusion-builder-row fusion-row fusion-flex-align-items-flex-start fusion-flex-content-wrap\">\n<div class=\"fusion-layout-column fusion_builder_column fusion-builder-column-5 fusion_builder_column_1_1 1_1 fusion-flex-column\">\n<div class=\"fusion-column-wrapper fusion-column-has-shadow fusion-flex-justify-content-flex-start fusion-content-layout-column\">\n<div class=\"fusion-text fusion-text-3\">\n<p><span class=\"fusion-dropcap dropcap\">I<\/span>sraels statsminister Benjamin Netanyahu ble f\u00f8dt fire \u00e5r etter at andre verdenskrig sluttet. Moren hans, Tzila Segal ble f\u00f8dt i i det Osmanske riket mens faren Benzion Netanyahu ble f\u00f8dt i Warsawa, som han forlot i 1920 og flyttet til det som er Israel i dag. P\u00e5 den m\u00e5ten unnslapp han Holocaust.<br \/>\nS\u00f8nnen vokste opp i Vest-Jerusalem og til tider i USA, men vendte tilbake til Israel i 1967 for \u00e5 gj\u00f8re sin milit\u00e6rtjeneste. Mellom 1956 og 1958, og fra 1963 til 1967 bodde familien hans i USA der pappa Benzion ble historiker og underviste p\u00e5 college mens s\u00f8nnen tok High school.<br \/>\nBenjamin Netanyahu tjenestegjorde i fem \u00e5r i en milit\u00e6r spesialstyrke og gjorde kommandoangrep dypt inne i libanesisk, jordansk, egyptisk og syrisk territorium. Han ble skadet flere ganger. Han deltok ogs\u00e5 i Yom Kippur-krigen i1973. I 1976 ble Benjamin Netanyahus eldre bror Jonathan drept under frigj\u00f8ringsoperasjonen p\u00e5 Entebbe-flyplassen i Uganda.<\/p>\n<\/div>\n<div class=\"fusion-title title fusion-title-2 fusion-sep-none fusion-title-text fusion-title-size-three\">\n<h3 class=\"fusion-title-heading title-heading-left fusion-responsive-typography-calculated\"><strong>Ambassad\u00f8r i FN<\/strong><\/h3>\n<\/div>\n<div class=\"fusion-text fusion-text-4\">\n<p>Mellom 1984 og 1988 var Benjamin Netanyahu FN-ambassad\u00f8r. I et intervju med det j\u00f8disk-amerikanske tidsskriftet Moment fra 1988 beskriver den dav\u00e6rende FN-ambassad\u00f8ren hvordan F*N har blitt et instrument for universell antisemittisme og for politisk krigf\u00f8ring mot Israel.<br \/>\n\u00abDet er noe nytt i antisemittismens historie. I dette \u00e5rhundret flyttet den til Tyskland. N\u00e5 er den tilbake i Russland. Men etter at FN bla dannet, finnes det noe nytt ettersom antisemittismen n\u00e5 har et universelt instrument, et universelt apparat for global spredning\u2026. I FN har antisemittene funnet en m\u00e5te \u00e5 spre sin gift gjennom nasjonenes blodoml\u00f8p,\u00bb sa Netanyahu, som i 1996 ble den yngste statsministeren i Israels historie og den f\u00f8rste statsministeren som var f\u00f8dt i staten Israel. Han er i dag den lengst sittende statsministeren.<\/p>\n<\/div>\n<div class=\"fusion-title title fusion-title-3 fusion-sep-none fusion-title-text fusion-title-size-three\">\n<h3 class=\"fusion-title-heading title-heading-left fusion-responsive-typography-calculated\"><strong>Kampen mot Iran<\/strong><\/h3>\n<\/div>\n<div class=\"fusion-text fusion-text-5\">\n<p>M\u00e5nedene fram til den f\u00f8rste valgseieren i 1996 ble omkranset av en rekke terroristangrep fra Hamas. Blant annet var det selvmordsangrep mot to busser i Jerusalem som drepte 45 personer, og en selvmordsbombing i Tel Aviv som drepte 13 og skadet 130. Syria og Iran ble mistenkt for \u00e5 ha hjulpet til med planlegging og finansiering av disse angrepene.<br \/>\nDa han kom til makten, besluttet Netanyahu og Jerusalems borgermester Ehud Olmert \u00e5 \u00e5pne en utgang i de arabiske kvarterene for \u00e5 gj\u00f8re tunnelen langs den vestre tempelmuren tilgjengelig for turister. Beslutningen utl\u00f8ste tre dagers oppl\u00f8p fra palestinere, noe som resulterte i dusinvis av d\u00f8de.<br \/>\nAllerede i \u00e5rene 1997 og 1999 anbefalte israelsk politi for f\u00f8rste gang at Benjamin Netanyahu skulle tiltales for korrupsjon. Tiltalen ble trukket av mangel p\u00e5 bevis.<br \/>\nNetanyahu ble beseiret i valget i 1999 og trakk seg tilbake fra politikken etter dette.<br \/>\nMens arbeiderpartiets Ehud Barak var statsminister, begynte den andre intifadaen der terrorgruppene Hamas, Islamsk Johad og PFLP utf\u00f8rte en rekke omfattende terrorhandlinger. Netanyahu vendte snart tilbake til politikken og ble utenriksminister og finansminister under statsminister Ariel Sharon f\u00f8r han sluttet i protest mot Sharons tilbaketrekking fra Gaza i 2005.<\/p>\n<\/div>\n<div class=\"fusion-title title fusion-title-4 fusion-sep-none fusion-title-text fusion-title-size-three\">\n<h3 class=\"fusion-title-heading title-heading-left fusion-responsive-typography-calculated\"><strong>Partileder i Likud igjen<\/strong><\/h3>\n<\/div>\n<div class=\"fusion-text fusion-text-6\">\n<p>Netanyahu ble Likuds leder samme \u00e5r da Sharon forlot Likud og dannet eget parti etter kritikken mot tilbaketrekningen fra Gaza. Etter valget i 2009 ble Netanyahu igjen statsminister. I en tale i FNs generalforsamling i New York den 24. september 2009 sa Netanyahu at Iran er en trussel mot verdensfreden og at det er verdensorganisasjonens ansvar i hindre den islamske republikken fra \u00e5 anskaffe kjernev\u00e5pen.<br \/>\nEtterp\u00e5 vant han valgene i 2013 og 2015. Netanyahu har nektet \u00e5 akseptere restriksjoner om hvor j\u00f8der kan bo og mener at Jerusalems arabere og j\u00f8der skal kunne kj\u00f8pe boliger hvor de vil: \u00abTanken om at vi skal ha en slik etnisk rensing som et vilk\u00e5r for fred, tror jeg er anti-fred.\u00bb<br \/>\nNetanyahu har gjennomf\u00f8rt en kraftig prosess mot en fri markeds\u00f8konomi. Privatiseringen av statlige myndigheter og endringen av det sosialistisk pregede Israel f\u00f8rte til at han fikk mange politiske fiender.<br \/>\nI \u00e5rene 2017 og 2019 ble Netanyahu tiltalt for korrupsjon igjen. I juni 2021 mistet Netanyahu statsministerposten f\u00f8r han vendte tilbake etter valget i 2022 \u2013 som var det femte demokratiske valget i israel der omtrent to millioner arabere hadde stemmerett. Dette er flere demokratiske valg enn i hele det \u00f8vrige Midt\u00f8sten i samme periode.<br \/>\nNetanyahus koalisjon drev gjennom rettslige reformer etter valget i 2022, noe som ble m\u00f8tt med protester i 2023. En politisk opposisjon fyrte opp under korrupsjonsanklager og kritikken mot reformene. Dette delte landet p\u00e5 midten. Hizbollahs leder Nasrallah mente sommeren 2023 at splittelsen var et svakhetstegn.<\/p>\n<\/div>\n<div class=\"fusion-title title fusion-title-5 fusion-sep-none fusion-title-text fusion-title-size-three\">\n<h3 class=\"fusion-title-heading title-heading-left fusion-responsive-typography-calculated\"><strong>Angrep i stor skala<\/strong><\/h3>\n<\/div>\n<div class=\"fusion-text fusion-text-7\">\n<p>I oktober 2023 ble Israel truffet av et storskalaangrep av terrorgruppen Hamas. Dette startet krigen mellom Israel og Hamas. Netanyahu ble kritisert for \u00e5 ha mislykkes med \u00e5 forutse angrepet i det som beskrives som Israels st\u00f8rste etterretningsglipp p\u00e5 50 \u00e5r.<br \/>\nI FNs generalforsamling i september i \u00e5r p\u00e5pekte Netanyahu at det har blitt vedtatt flere resolusjoner mot Israel i FNs generalforsamling det siste ti\u00e5ret enn mot hele verden til sammen. \u00abSiden 2014 har dette organet ford\u00f8mt Israel 174 ganger. Den ford\u00f8mte alle andre land i verden 73 ganger. Det er mer enn 100 ekstra ford\u00f8mmelser mot den j\u00f8diske staten. Hvilket hykleri. Hvilken dobbeltmoral. Hvilken vits. Til Israel, den j\u00f8diske staten, behandles som andre nasjoner, til denne antisemittiske sumpen har blitt t\u00f8mt, vil rettferdige mennesker se p\u00e5 FN som ikke noe annet enn en foraktelig farse\u00bb, sa han.<br \/>\nI oktober 2024 meddelte Israel at FNs generalsekret\u00e6r Antonio Guterres ikke lenger var velkommen i Israel og at hjelpeorganisasjonen UNRWA heller ikke var velkommen til \u00e5 arbeide i Israel p.g.a. organisasjonens n\u00e6re kobling til terrorgruppen Hamas. I tillegg til dette FN-styrkene Unifil har tillatt Hizbollah \u00e5 bygge avfyringsramper og tunneler og \u00e5 oppbevare et stort antall missiler i omr\u00e5det som i f\u00f8lge FN skulle demilitariseres. Unifil ble dannet for \u00e5 hindre Hizbollah i \u00e5 etablere seg n\u00e6r Israels nordgrense. Den 20. oktober i \u00e5r fortalte en tidligere dansk FN-soldat til den danske avisen Berlingske at Hizbollah kontrollerte FN-soldatene i Syd-Libanon. \u2013 Vi var totalt underlagt Hizbollah. Vi hadde en klart begrenset bevegelsesfrihet. Vi opererte for eksempel aldri etter m\u00f8rkets frambrudd av redsel for Hisbollah. S\u00e5 de hadde fritt leide i kvelds- og nattetimene, sa soldaten.<\/p>\n<\/div>\n<\/div>\n<\/div>\n<\/div>\n<\/div>\n<\/div>\n<\/div>\n<\/div>\n<\/div>\n<\/div>\n","protected":false},"excerpt":{"rendered":"<p>N\u00e5 sl\u00e5r FN-systemet tilbake mot Netanyahu<\/p>\n","protected":false},"author":1,"featured_media":2341,"comment_status":"closed","ping_status":"open","sticky":false,"template":"","format":"standard","meta":{"_acf_changed":false,"footnotes":""},"categories":[58],"tags":[],"class_list":["post-2363","post","type-post","status-publish","format-standard","has-post-thumbnail","hentry","category-det-moderne-israel"],"acf":[],"_links":{"self":[{"href":"https:\/\/www.israelreport.org\/no\/wp-json\/wp\/v2\/posts\/2363","targetHints":{"allow":["GET"]}}],"collection":[{"href":"https:\/\/www.israelreport.org\/no\/wp-json\/wp\/v2\/posts"}],"about":[{"href":"https:\/\/www.israelreport.org\/no\/wp-json\/wp\/v2\/types\/post"}],"author":[{"embeddable":true,"href":"https:\/\/www.israelreport.org\/no\/wp-json\/wp\/v2\/users\/1"}],"replies":[{"embeddable":true,"href":"https:\/\/www.israelreport.org\/no\/wp-json\/wp\/v2\/comments?post=2363"}],"version-history":[{"count":3,"href":"https:\/\/www.israelreport.org\/no\/wp-json\/wp\/v2\/posts\/2363\/revisions"}],"predecessor-version":[{"id":3832,"href":"https:\/\/www.israelreport.org\/no\/wp-json\/wp\/v2\/posts\/2363\/revisions\/3832"}],"wp:featuredmedia":[{"embeddable":true,"href":"https:\/\/www.israelreport.org\/no\/wp-json\/wp\/v2\/media\/2341"}],"wp:attachment":[{"href":"https:\/\/www.israelreport.org\/no\/wp-json\/wp\/v2\/media?parent=2363"}],"wp:term":[{"taxonomy":"category","embeddable":true,"href":"https:\/\/www.israelreport.org\/no\/wp-json\/wp\/v2\/categories?post=2363"},{"taxonomy":"post_tag","embeddable":true,"href":"https:\/\/www.israelreport.org\/no\/wp-json\/wp\/v2\/tags?post=2363"}],"curies":[{"name":"wp","href":"https:\/\/api.w.org\/{rel}","templated":true}]}}